{"id":311,"date":"2026-05-03T09:33:42","date_gmt":"2026-05-03T09:33:42","guid":{"rendered":"https:\/\/die-linke-roedelheim.de\/?p=311"},"modified":"2026-05-03T09:33:42","modified_gmt":"2026-05-03T09:33:42","slug":"rad-demo-gegen-ausbau-der-a5","status":"publish","type":"post","link":"https:\/\/die-linke-roedelheim.de\/?p=311","title":{"rendered":"Rad-Demo gegen Ausbau der A5"},"content":{"rendered":"\n<figure class=\"wp-block-image size-large\"><img loading=\"lazy\" decoding=\"async\" width=\"687\" height=\"1024\" src=\"https:\/\/die-linke-roedelheim.de\/wp-content\/uploads\/2026\/05\/raddemo-687x1024.jpg\" alt=\"\" class=\"wp-image-312\" srcset=\"https:\/\/die-linke-roedelheim.de\/wp-content\/uploads\/2026\/05\/raddemo-687x1024.jpg 687w, https:\/\/die-linke-roedelheim.de\/wp-content\/uploads\/2026\/05\/raddemo-201x300.jpg 201w, https:\/\/die-linke-roedelheim.de\/wp-content\/uploads\/2026\/05\/raddemo-768x1144.jpg 768w, https:\/\/die-linke-roedelheim.de\/wp-content\/uploads\/2026\/05\/raddemo-1031x1536.jpg 1031w, https:\/\/die-linke-roedelheim.de\/wp-content\/uploads\/2026\/05\/raddemo.jpg 1102w\" sizes=\"auto, (max-width: 687px) 100vw, 687px\" \/><\/figure>\n\n\n\n<p>RAD-DEMO mit AUTOBAHN-RUNDKURS am Sonntag, 10. Mai, Treffpunkt 14 Uhr Alte Oper. Geplante Route: Messekreisel, A 648 zum Eschborner Dreieck, A66, Miquelknoten, Opernplatz. Abschlusskundgebung um 16 Uhr mit Musik und Infos. <br><strong>A5-AUSBAU? WIR BAUEN LIEBER DIE ZUKUNFT!<br>Stoppt den A5-Ausbau &#8211; F\u00fcr eine echte Verkehrswende.<\/strong><\/p>\n\n\n\n<p>Die Politik plant den Ausbau der A5 zwischen Friedberg und dem Frankfurter Kreuz auf bis zu 10 Spuren. Das bedeutet: Mehr Asphalt, mehr L\u00e4rm, h\u00f6here Gesundheitsbelastung und die weitere Zerst\u00f6rung unserer Natur- und Trinkwasserschutzgebiete. Mehr Spuren bedeuten mehr Verkehr \u2013 nicht weniger Stau und weniger L\u00e4rm!<\/p>\n\n\n\n<p>Wir sagen NEIN zur Beton-Politik und JA zu moderner Mobilit\u00e4t. Investieren wir in Schienen, Rad- und Fu\u00dfwege und marode Br\u00fccken statt in neue Megastaus! Nach unserer gro\u00dfen Raddemo 2024 ist es wichtiger denn je, wieder auf die Stra\u00dfe zu gehen und lautstark eine echte Verkehrswende einzufordern.<\/p>\n\n\n\n<p>Alle Infos und Routen: <a href=\"http:\/\/www.stoppa5ausbau.de\" target=\"_blank\" rel=\"noreferrer noopener nofollow\">www.stoppa5ausbau.de<\/a><\/p>\n","protected":false},"excerpt":{"rendered":"<p class=\"qua-blog-post-description\">RAD-DEMO mit AUTOBAHN-RUNDKURS am Sonntag, 10. Mai, Treffpunkt 14 Uhr Alte Oper. Geplante Route: Messekreisel, A 648 zum Eschborner Dreieck, A66, Miquelknoten, Opernplatz. Abschlusskundgebung um 16 Uhr mit Musik und Infos. A5-AUSBAU? WIR BAUEN LIEBER DIE ZUKUNFT!Stoppt den A5-Ausbau &#8211; F\u00fcr eine echte Verkehrswende. Die Politik plant den Ausbau der A5 zwischen Friedberg und dem [&hellip;]<\/p>\n","protected":false},"author":3,"featured_media":0,"comment_status":"closed","ping_status":"","sticky":false,"template":"","format":"standard","meta":{"footnotes":""},"categories":[1],"tags":[13],"class_list":["post-311","post","type-post","status-publish","format-standard","hentry","category-uncategorized","tag-verkehr"],"_links":{"self":[{"href":"https:\/\/die-linke-roedelheim.de\/index.php?rest_route=\/wp\/v2\/posts\/311","targetHints":{"allow":["GET"]}}],"collection":[{"href":"https:\/\/die-linke-roedelheim.de\/index.php?rest_route=\/wp\/v2\/posts"}],"about":[{"href":"https:\/\/die-linke-roedelheim.de\/index.php?rest_route=\/wp\/v2\/types\/post"}],"author":[{"embeddable":true,"href":"https:\/\/die-linke-roedelheim.de\/index.php?rest_route=\/wp\/v2\/users\/3"}],"replies":[{"embeddable":true,"href":"https:\/\/die-linke-roedelheim.de\/index.php?rest_route=%2Fwp%2Fv2%2Fcomments&post=311"}],"version-history":[{"count":1,"href":"https:\/\/die-linke-roedelheim.de\/index.php?rest_route=\/wp\/v2\/posts\/311\/revisions"}],"predecessor-version":[{"id":313,"href":"https:\/\/die-linke-roedelheim.de\/index.php?rest_route=\/wp\/v2\/posts\/311\/revisions\/313"}],"wp:attachment":[{"href":"https:\/\/die-linke-roedelheim.de\/index.php?rest_route=%2Fwp%2Fv2%2Fmedia&parent=311"}],"wp:term":[{"taxonomy":"category","embeddable":true,"href":"https:\/\/die-linke-roedelheim.de\/index.php?rest_route=%2Fwp%2Fv2%2Fcategories&post=311"},{"taxonomy":"post_tag","embeddable":true,"href":"https:\/\/die-linke-roedelheim.de\/index.php?rest_route=%2Fwp%2Fv2%2Ftags&post=311"}],"curies":[{"name":"wp","href":"https:\/\/api.w.org\/{rel}","templated":true}]}}